{"id":258141,"date":"2023-01-12T12:01:06","date_gmt":"2023-01-12T12:01:06","guid":{"rendered":"https:\/\/bodas.fotodual.com\/2023\/01\/casamento-no-castelo-de-caceres-encarni-javier\/"},"modified":"2023-06-21T19:01:24","modified_gmt":"2023-06-21T19:01:24","slug":"casamento-no-castelo-de-caceres-encarni-javier","status":"publish","type":"post","link":"https:\/\/bodas.fotodual.com\/pt-pt\/2023\/01\/casamento-no-castelo-de-caceres-encarni-javier\/","title":{"rendered":"Casamento no Castelo de C\u00e1ceres {Encarni &amp; Javier}"},"content":{"rendered":"<p>[et_pb_section fb_built=&#8221;1&#8243; admin_label=&#8221;section&#8221; _builder_version=&#8221;4.16&#8243; global_colors_info=&#8221;{}&#8221;][et_pb_row admin_label=&#8221;row&#8221; _builder_version=&#8221;4.16&#8243; background_size=&#8221;initial&#8221; background_position=&#8221;top_left&#8221; background_repeat=&#8221;repeat&#8221; global_colors_info=&#8221;{}&#8221;][et_pb_column type=&#8221;4_4&#8243; _builder_version=&#8221;4.16&#8243; custom_padding=&#8221;|||&#8221; global_colors_info=&#8221;{}&#8221; custom_padding__hover=&#8221;|||&#8221;][et_pb_text admin_label=&#8221;Text&#8221; _builder_version=&#8221;4.21.0&#8243; background_size=&#8221;initial&#8221; background_position=&#8221;top_left&#8221; background_repeat=&#8221;repeat&#8221; hover_enabled=&#8221;0&#8243; global_colors_info=&#8221;{}&#8221; sticky_enabled=&#8221;0&#8243;]<\/p>\n<h2>Casamento Encarni &amp; Javier<\/h2>\n<h3>Castelo de C\u00e1ceres, 15 de outubro de 2022<\/h3>\n<p>O casamento da Encarni e do Javier no <a href=\"https:\/\/castillodecaceres.es\/\" target=\"_blank\" rel=\"noopener\">Castelo de C\u00e1ceres<\/a> foi um sonho tornado realidade. O local, envolto em hist\u00f3ria e beleza, proporcionou o cen\u00e1rio perfeito para a uni\u00e3o deste casal apaixonado. A cerim\u00f4nia civil foi um momento cheio de emo\u00e7\u00e3o, inclusive para os fot\u00f3grafos, que n\u00e3o conseguiram conter algumas l\u00e1grimas, imaginem ent\u00e3o para o casal e os demais convidados.<\/p>\n<p>Foi um dia repleto de alegria e emo\u00e7\u00e3o, cercado por um grupo incr\u00edvel de amigos e familiares. A equipe do castelo, o maquiador <a href=\"https:\/\/www.facebook.com\/ChristianAcedoEstilista\/\" target=\"_blank\" rel=\"noopener\">Christian Acedo<\/a> e o violinista-m\u00e1gico <a href=\"https:\/\/germanvilar.es\/\" target=\"_blank\" rel=\"noopener\">German Vilar<\/a>, entre outros, foram parte essencial para que o dia fosse perfeito, o trabalho deles foi excepcional.<\/p>\n<p>Para a Encarni e o Javier, compartilhar este dia com os seus entes queridos foi uma alegria indescrit\u00edvel. Sem d\u00favida, o Castelo de C\u00e1ceres se tornou um lugar de mem\u00f3rias inesquec\u00edveis para todos que compareceram a este casamento especial. Certamente um casamento que ficar\u00e1 na mem\u00f3ria de todos os presentes.<\/p>\n<p>Deixamos aqui um breve resumo de algumas das fotografias:<br \/>\n[\/et_pb_text][dmg_masonry_gallery _builder_version=&#8221;4.21.0&#8243; _module_preset=&#8221;default&#8221; columns=&#8221;1&#8243; gutter=&#8221;5&#8243; gallery_ids=&#8221;252795,252796,252799,252797,252800,252798,252801,252802,252803,252804,252805,252806,252807,252808,252809,252810,252811,252812,252813,252814,252785,252786,252787,252788,252789,252791,252793,252792&#8243; images_size=&#8221;dmg_image_extra_large&#8221; hover_enabled=&#8221;0&#8243; sticky_enabled=&#8221;0&#8243;][\/dmg_masonry_gallery][\/et_pb_column][\/et_pb_row][\/et_pb_section]<\/p>\n","protected":false},"excerpt":{"rendered":"<p>Casamento Encarni &amp; Javier Castelo de C\u00e1ceres, 15 de outubro de 2022 O casamento da Encarni e do Javier no Castelo de C\u00e1ceres foi um sonho tornado realidade. O local, envolto em hist\u00f3ria e beleza, proporcionou o cen\u00e1rio perfeito para a uni\u00e3o deste casal apaixonado. A cerim\u00f4nia civil foi um momento cheio de emo\u00e7\u00e3o, inclusive [&hellip;]<\/p>\n","protected":false},"author":1,"featured_media":257813,"comment_status":"open","ping_status":"open","sticky":false,"template":"","format":"standard","meta":{"_et_pb_use_builder":"on","_et_pb_old_content":"","_et_gb_content_width":"","_jetpack_memberships_contains_paid_content":false,"footnotes":""},"categories":[628],"tags":[682,630,629,683,681,632],"class_list":["post-258141","post","type-post","status-publish","format-standard","has-post-thumbnail","hentry","category-casamentos-pt-pt","tag-arguijuella-pt-pt","tag-caceres-pt-pt","tag-casamento-pt-pt-3","tag-castelo-de-caceres","tag-david-sanz-pt-pt-2","tag-fotodual-pt-pt-2"],"jetpack_featured_media_url":"https:\/\/bodas.fotodual.com\/wp-content\/uploads\/2023\/01\/020castillo-caceres-fotodual-davidsanz-encarni-javier-1.webp","jetpack_sharing_enabled":true,"_links":{"self":[{"href":"https:\/\/bodas.fotodual.com\/pt-pt\/wp-json\/wp\/v2\/posts\/258141","targetHints":{"allow":["GET"]}}],"collection":[{"href":"https:\/\/bodas.fotodual.com\/pt-pt\/wp-json\/wp\/v2\/posts"}],"about":[{"href":"https:\/\/bodas.fotodual.com\/pt-pt\/wp-json\/wp\/v2\/types\/post"}],"author":[{"embeddable":true,"href":"https:\/\/bodas.fotodual.com\/pt-pt\/wp-json\/wp\/v2\/users\/1"}],"replies":[{"embeddable":true,"href":"https:\/\/bodas.fotodual.com\/pt-pt\/wp-json\/wp\/v2\/comments?post=258141"}],"version-history":[{"count":0,"href":"https:\/\/bodas.fotodual.com\/pt-pt\/wp-json\/wp\/v2\/posts\/258141\/revisions"}],"wp:featuredmedia":[{"embeddable":true,"href":"https:\/\/bodas.fotodual.com\/pt-pt\/wp-json\/wp\/v2\/media\/257813"}],"wp:attachment":[{"href":"https:\/\/bodas.fotodual.com\/pt-pt\/wp-json\/wp\/v2\/media?parent=258141"}],"wp:term":[{"taxonomy":"category","embeddable":true,"href":"https:\/\/bodas.fotodual.com\/pt-pt\/wp-json\/wp\/v2\/categories?post=258141"},{"taxonomy":"post_tag","embeddable":true,"href":"https:\/\/bodas.fotodual.com\/pt-pt\/wp-json\/wp\/v2\/tags?post=258141"}],"curies":[{"name":"wp","href":"https:\/\/api.w.org\/{rel}","templated":true}]}}